{"id":1153,"date":"2019-12-08T10:34:58","date_gmt":"2019-12-08T09:34:58","guid":{"rendered":"http:\/\/www.uewg-michelstadt.de\/?p=1153"},"modified":"2020-05-11T17:48:37","modified_gmt":"2020-05-11T15:48:37","slug":"uewg-michelstadt-bestaetigt-vorstand","status":"publish","type":"post","link":"https:\/\/uewg-michelstadt.de\/?p=1153","title":{"rendered":"\u00dcWG Michelstadt best\u00e4tigt Vorstand"},"content":{"rendered":"<\/p>\r\n<ul>\r\n<li><strong>Zweiter Vorsitzender<\/strong> bleibt <strong>Hans Laudenberger<\/strong> (Vielbrunn, Stadtverordneter).<\/li>\r\n<li>Als <strong>Schriftf\u00fchrerin <\/strong>wurde <strong>Julia Rosnau<\/strong> (Ortsbeirat Steinbach, Stadtverordnete),<\/li>\r\n<li>als <strong>Rechnerin Elke Heusel<\/strong> (Michelstadt, Stadtr\u00e4tin) best\u00e4tigt.<\/li>\r\n<li><strong>Beisitzer <\/strong>sind <strong>Bernd Keller<\/strong> (Ortsvorsteher Rehbach), <strong>Alexander Hahn<\/strong> (Michelstadt, Stadtverordneter) und <strong>Dr. Tobias Robischon<\/strong> (Michelstadt, Fraktionsvorsitzender).<\/li>\r\n<\/ul>\r\n\r\n<p>&nbsp;<\/p>\r\n\r\n<p>&nbsp;<\/p>\r\n\r\n<p>&nbsp;<\/p>\r\n<p>[\/fusion_text][\/fusion_builder_column][\/fusion_builder_row][\/fusion_builder_container]<\/p><\/ul>\r\n<\/li>\r\n<\/ul>\r\n<p><!--more--><\/p>\r\n<ul>\r\n<li><strong>Zweiter Vorsitzender<\/strong> bleibt <strong>Hans Laudenberger<\/strong> (Vielbrunn, Stadtverordneter).<\/li>\r\n<li>Als <strong>Schriftf\u00fchrerin <\/strong>wurde <strong>Julia Rosnau<\/strong> (Ortsbeirat Steinbach, Stadtverordnete),<\/li>\r\n<li>als <strong>Rechnerin Elke Heusel<\/strong> (Michelstadt, Stadtr\u00e4tin) best\u00e4tigt.<\/li>\r\n<li><strong>Beisitzer <\/strong>sind <strong>Bernd Keller<\/strong> (Ortsvorsteher Rehbach), <strong>Alexander Hahn<\/strong> (Michelstadt, Stadtverordneter) und <strong>Dr. Tobias Robischon<\/strong> (Michelstadt, Fraktionsvorsitzender).<\/li>\r\n<\/ul>\r\n\r\n<p>&nbsp;<\/p>\r\n\r\n<p>&nbsp;<\/p>\r\n\r\n<p>&nbsp;<\/p>\r\n<p>[\/fusion_text][\/fusion_builder_column][\/fusion_builder_row][\/fusion_builder_container]<\/p><div class=\"entry-content wp-block-post-content is-layout-flow wp-block-post-content-is-layout-flow\"><p><div class=\"fusion-fullwidth fullwidth-box fusion-builder-row-1 nonhundred-percent-fullwidth non-hundred-percent-height-scrolling\" style=\"--awb-border-radius-top-left:0px;--awb-border-radius-top-right:0px;--awb-border-radius-bottom-right:0px;--awb-border-radius-bottom-left:0px;--awb-flex-wrap:wrap;\" ><\/div><div class=\"fusion-builder-row fusion-row\"><\/div><div class=\"fusion-layout-column fusion_builder_column fusion-builder-column-0 fusion_builder_column_1_1 1_1 fusion-one-full fusion-column-first fusion-column-last\" style=\"--awb-bg-size:cover;--awb-margin-bottom:0px;width:100%;\"><div class=\"fusion-column-wrapper fusion-flex-column-wrapper-legacy\"><div class=\"fusion-clearfix\"><\/div><\/div><\/div><div class=\"fusion-text fusion-text-1\"><\/div><\/p>\r\n\r\n<p>Die \u00dcberparteiliche W\u00e4hlergemeinschaft (\u00dcWG) Michelstadt hat auf ihrer j\u00fcngsten Mitgliederversammlung den Vorstand neu gew\u00e4hlt.<\/p>\r\n\r\n\r\n\r\n<p>Alle Vorstandsmitglieder wurden einstimmig in ihrem Amt best\u00e4tigt. <strong>Vorsitzender <\/strong>der \u00dcWG Michelstadt ist weiterhin <strong>Ruedeger von Lutzau<\/strong> (Ortsvorsteher Steinbach, Stadtverordneter).<\/p>\r\n<ul>\r\n<li style=\"list-style-type: none;\">\r\n<ul><\/ul>\r\n<\/li>\r\n<\/ul>\r\n<p> <a href=\"https:\/\/uewg-michelstadt.de\/?p=1153#more-1153\" class=\"more-link\"><span aria-label=\"\u00dcWG Michelstadt best\u00e4tigt Vorstand weiterlesen\">(mehr\u00a0&hellip;)<\/span><\/a><\/p><\/div>","protected":false},"excerpt":{"rendered":"<p>Die \u00dcberparteiliche W\u00e4hlergemeinschaft (\u00dcWG) Michelstadt hat auf ihrer j\u00fcngsten Mitgliederversammlung den Vorstand neu gew\u00e4hlt. Alle Vorstandsmitglieder wurden einstimmig in ihrem Amt best\u00e4tigt. Vorsitzender der \u00dcWG Michelstadt ist weiterhin Ruedeger von Lutzau (Ortsvorsteher Steinbach, Stadtverordneter).<\/p>\n","protected":false},"author":1,"featured_media":996,"comment_status":"closed","ping_status":"closed","sticky":false,"template":"","format":"standard","meta":{"footnotes":""},"categories":[1],"tags":[],"class_list":["post-1153","post","type-post","status-publish","format-standard","has-post-thumbnail","hentry","category-allgemein"],"acf":[],"post_mailing_queue_ids":[],"_links":{"self":[{"href":"https:\/\/uewg-michelstadt.de\/index.php?rest_route=\/wp\/v2\/posts\/1153","targetHints":{"allow":["GET"]}}],"collection":[{"href":"https:\/\/uewg-michelstadt.de\/index.php?rest_route=\/wp\/v2\/posts"}],"about":[{"href":"https:\/\/uewg-michelstadt.de\/index.php?rest_route=\/wp\/v2\/types\/post"}],"author":[{"embeddable":true,"href":"https:\/\/uewg-michelstadt.de\/index.php?rest_route=\/wp\/v2\/users\/1"}],"replies":[{"embeddable":true,"href":"https:\/\/uewg-michelstadt.de\/index.php?rest_route=%2Fwp%2Fv2%2Fcomments&post=1153"}],"version-history":[{"count":6,"href":"https:\/\/uewg-michelstadt.de\/index.php?rest_route=\/wp\/v2\/posts\/1153\/revisions"}],"predecessor-version":[{"id":3731,"href":"https:\/\/uewg-michelstadt.de\/index.php?rest_route=\/wp\/v2\/posts\/1153\/revisions\/3731"}],"wp:featuredmedia":[{"embeddable":true,"href":"https:\/\/uewg-michelstadt.de\/index.php?rest_route=\/wp\/v2\/media\/996"}],"wp:attachment":[{"href":"https:\/\/uewg-michelstadt.de\/index.php?rest_route=%2Fwp%2Fv2%2Fmedia&parent=1153"}],"wp:term":[{"taxonomy":"category","embeddable":true,"href":"https:\/\/uewg-michelstadt.de\/index.php?rest_route=%2Fwp%2Fv2%2Fcategories&post=1153"},{"taxonomy":"post_tag","embeddable":true,"href":"https:\/\/uewg-michelstadt.de\/index.php?rest_route=%2Fwp%2Fv2%2Ftags&post=1153"}],"curies":[{"name":"wp","href":"https:\/\/api.w.org\/{rel}","templated":true}]}}