{"id":4136,"date":"2021-04-26T09:54:59","date_gmt":"2021-04-26T07:54:59","guid":{"rendered":"https:\/\/www.uewg-michelstadt.de\/?p=4136"},"modified":"2021-04-26T09:56:44","modified_gmt":"2021-04-26T07:56:44","slug":"vielen-dank","status":"publish","type":"post","link":"https:\/\/uewg-michelstadt.de\/?p=4136","title":{"rendered":"Vielen Dank"},"content":{"rendered":"<p>f\u00fcr das uns entgegengebrachte Vertrauen bei den Kommunalwahlen 2021!<\/p>\n<p>Die \u00dcWG Michelstadt bedankt sich auf diesem Weg recht herzlich bei allen W\u00e4hlern und Helfern f\u00fcr die Unterst\u00fctzung und das uns entgegengebrachte Vertrauen bei den Kommunalwahlen. Dank Ihrer Stimmen f\u00fcr die \u00dcWG Michelstadt und Dr. Tobias Robischon wird Michelstadt k\u00fcnftig nicht nur von einem \u00fcberparteilichen und b\u00fcrgernahen B\u00fcrgermeister gef\u00fchrt; die \u00dcWG Michelstadt wird dank des guten Wahlergebnisses auch mit 10 Sitzen\u00a0 in der Stadtverordnetenversammlung vertreten sein. Bereits Ende M\u00e4rz hat die \u00dcWG Michelstadt mit der SPD Michelstadt eine Kooperation mit vielen gemeinsamen Nennern geschlossen, um k\u00fcnftig bestm\u00f6glich und verantwortlich die anstehenden Aufgaben gut umzusetzen.<\/p>\n<p>Am vergangenen Wochenende hat sich die Stadtverordneten-Fraktion der \u00dcWG Michelstadt schon neu konstituiert. Dabei wurden einstimmig Bernd Keller zu unserem neuen Fraktionsvorsitzenden gew\u00e4hlt. Elke Heusel und G\u00fcnter Lewold werden als bew\u00e4hrte Kr\u00e4fte auch weiterhin im Magistrat der Stadt Michelstadt vertreten sein.<\/p>\n<p>Das Team um den neuen B\u00fcrgermeister Dr. Tobias Robischon, der sein Amt im September 2021 antreten wird, m\u00f6chte die bevorstehenden Aufgaben z\u00fcgig angehen. Wir sind zuversichtlich, diese Aufgaben mit unserem heterogenen Team aus etablierten Kr\u00e4ften, jungen Stadtverordneten und Leuten mit der n\u00f6tigen Lebenserfahrung zu meistern und einen starken Beitrag leisten zu k\u00f6nnen, unsere Stadt mit ihren Stadtteilen weiter voranzubringen.<\/p>\n<p>Die \u00dcWG l\u00e4dt auch Sie herzlich zum Meinungsaustausch und zur Mitarbeit ein. Um Michelstadt &#8211; auch im Rahmen von \u201ecitt\u00e0slow\u201c &#8211; noch lebenswerter zu gestalten, werden in regelm\u00e4\u00dfigen Abst\u00e4n\u00adden Veranstaltungen stattfinden und Projekte in den sozialen Medien vorgestellt, an denen Sie aktiv mitwirken k\u00f6nnen. F\u00fcr interessierte Michelst\u00e4dter lohnt es sich in jedem Fall, die Aktivit\u00e4ten der \u00dcWG Michelstadt mitzuverfolgen. Und nat\u00fcrlich freuen wir uns auch \u00fcber Ihren Besuch bei unseren offenen Fraktionssitzungen. Die Termine finden Sie auf unserer Webseite.<\/p>\n<p>Getreu dem Motto \u201eFindet der Stadt Bestes\u201c f\u00fcr die Wahlperiode 2021-2026<\/p>\n<p><strong>Ihre \u00dcWG Michelstadt<\/strong><\/p>\n<p>Auf dem Bild, v.l.n.r.: Elke Heusel, G\u00fcnter Lewold, Bernd Keller<\/p>\n","protected":false},"excerpt":{"rendered":"<p>f\u00fcr das uns entgegengebrachte Vertrauen bei den Kommunalwahlen 2021! Die \u00dcWG Michelstadt bedankt sich auf diesem Weg recht herzlich bei allen W\u00e4hlern und Helfern f\u00fcr die Unterst\u00fctzung und das uns entgegengebrachte Vertrauen bei den Kommunalwahlen. Dank Ihrer Stimmen f\u00fcr die \u00dcWG Michelstadt und Dr. Tobias Robischon wird Michelstadt k\u00fcnftig nicht nur von einem \u00fcberparteilichen und<\/p>\n","protected":false},"author":1,"featured_media":4137,"comment_status":"closed","ping_status":"closed","sticky":false,"template":"","format":"standard","meta":{"footnotes":""},"categories":[1],"tags":[],"class_list":["post-4136","post","type-post","status-publish","format-standard","has-post-thumbnail","hentry","category-allgemein"],"acf":[],"post_mailing_queue_ids":[],"_links":{"self":[{"href":"https:\/\/uewg-michelstadt.de\/index.php?rest_route=\/wp\/v2\/posts\/4136","targetHints":{"allow":["GET"]}}],"collection":[{"href":"https:\/\/uewg-michelstadt.de\/index.php?rest_route=\/wp\/v2\/posts"}],"about":[{"href":"https:\/\/uewg-michelstadt.de\/index.php?rest_route=\/wp\/v2\/types\/post"}],"author":[{"embeddable":true,"href":"https:\/\/uewg-michelstadt.de\/index.php?rest_route=\/wp\/v2\/users\/1"}],"replies":[{"embeddable":true,"href":"https:\/\/uewg-michelstadt.de\/index.php?rest_route=%2Fwp%2Fv2%2Fcomments&post=4136"}],"version-history":[{"count":3,"href":"https:\/\/uewg-michelstadt.de\/index.php?rest_route=\/wp\/v2\/posts\/4136\/revisions"}],"predecessor-version":[{"id":4140,"href":"https:\/\/uewg-michelstadt.de\/index.php?rest_route=\/wp\/v2\/posts\/4136\/revisions\/4140"}],"wp:featuredmedia":[{"embeddable":true,"href":"https:\/\/uewg-michelstadt.de\/index.php?rest_route=\/wp\/v2\/media\/4137"}],"wp:attachment":[{"href":"https:\/\/uewg-michelstadt.de\/index.php?rest_route=%2Fwp%2Fv2%2Fmedia&parent=4136"}],"wp:term":[{"taxonomy":"category","embeddable":true,"href":"https:\/\/uewg-michelstadt.de\/index.php?rest_route=%2Fwp%2Fv2%2Fcategories&post=4136"},{"taxonomy":"post_tag","embeddable":true,"href":"https:\/\/uewg-michelstadt.de\/index.php?rest_route=%2Fwp%2Fv2%2Ftags&post=4136"}],"curies":[{"name":"wp","href":"https:\/\/api.w.org\/{rel}","templated":true}]}}