{"id":4181,"date":"2021-05-21T17:56:07","date_gmt":"2021-05-21T15:56:07","guid":{"rendered":"https:\/\/www.uewg-michelstadt.de\/?p=4181"},"modified":"2021-05-22T13:08:17","modified_gmt":"2021-05-22T11:08:17","slug":"gruendung-von-parlamentarischen-arbeitsgruppen","status":"publish","type":"post","link":"https:\/\/uewg-michelstadt.de\/?p=4181","title":{"rendered":"Gr\u00fcndung von parlamentarischen Arbeitsgruppen"},"content":{"rendered":"<p>Dem von der <span style=\"color: #ff9900;\"><strong>\u00dcWG Michelstadt<\/strong><\/span> eingebrachten Antrag, \u00fcber die <strong>Gr\u00fcndung von Parlamentarischen Arbeitsgruppen<\/strong>, der gemeinsam mit dem Kooperationspartner SPD bei der Haupt- und Finanzausschusssitzung auf der Tagesordnung stand <strong>wurde zugestimmt<\/strong>.<\/p>\n<p>Diese Arbeitsgruppen sollen bei Bedarf von der Stadtverordnetenversammlung eingerichtet werden und dienen der fraktions\u00fcbergreifenden Vorberatung komplexer Themen. Ihre Aufgabe ist es,\u00a0 Handlungsm\u00f6glichkeiten aufzuzeigen und so zu einer zielgerichteten weiteren Beratung beizutragen.<\/p>\n<p>Dieser Antrag geht nun in die Entscheidung bei der kommenden Stadtverordnetenversammlung am Dienstag 25.05.2021.<\/p>\n","protected":false},"excerpt":{"rendered":"<p>Dem von der \u00dcWG Michelstadt eingebrachten Antrag, \u00fcber die Gr\u00fcndung von Parlamentarischen Arbeitsgruppen, der gemeinsam mit dem Kooperationspartner SPD bei der Haupt- und Finanzausschusssitzung auf der Tagesordnung stand wurde zugestimmt. Diese Arbeitsgruppen sollen bei Bedarf von der Stadtverordnetenversammlung eingerichtet werden und dienen der fraktions\u00fcbergreifenden Vorberatung komplexer Themen. Ihre Aufgabe ist es,\u00a0 Handlungsm\u00f6glichkeiten aufzuzeigen und so<\/p>\n","protected":false},"author":1,"featured_media":4191,"comment_status":"closed","ping_status":"closed","sticky":false,"template":"","format":"standard","meta":{"footnotes":""},"categories":[1,7,9],"tags":[],"class_list":["post-4181","post","type-post","status-publish","format-standard","has-post-thumbnail","hentry","category-allgemein","category-fraktion","category-stadtverordnete"],"acf":[],"post_mailing_queue_ids":[],"_links":{"self":[{"href":"https:\/\/uewg-michelstadt.de\/index.php?rest_route=\/wp\/v2\/posts\/4181","targetHints":{"allow":["GET"]}}],"collection":[{"href":"https:\/\/uewg-michelstadt.de\/index.php?rest_route=\/wp\/v2\/posts"}],"about":[{"href":"https:\/\/uewg-michelstadt.de\/index.php?rest_route=\/wp\/v2\/types\/post"}],"author":[{"embeddable":true,"href":"https:\/\/uewg-michelstadt.de\/index.php?rest_route=\/wp\/v2\/users\/1"}],"replies":[{"embeddable":true,"href":"https:\/\/uewg-michelstadt.de\/index.php?rest_route=%2Fwp%2Fv2%2Fcomments&post=4181"}],"version-history":[{"count":7,"href":"https:\/\/uewg-michelstadt.de\/index.php?rest_route=\/wp\/v2\/posts\/4181\/revisions"}],"predecessor-version":[{"id":4195,"href":"https:\/\/uewg-michelstadt.de\/index.php?rest_route=\/wp\/v2\/posts\/4181\/revisions\/4195"}],"wp:featuredmedia":[{"embeddable":true,"href":"https:\/\/uewg-michelstadt.de\/index.php?rest_route=\/wp\/v2\/media\/4191"}],"wp:attachment":[{"href":"https:\/\/uewg-michelstadt.de\/index.php?rest_route=%2Fwp%2Fv2%2Fmedia&parent=4181"}],"wp:term":[{"taxonomy":"category","embeddable":true,"href":"https:\/\/uewg-michelstadt.de\/index.php?rest_route=%2Fwp%2Fv2%2Fcategories&post=4181"},{"taxonomy":"post_tag","embeddable":true,"href":"https:\/\/uewg-michelstadt.de\/index.php?rest_route=%2Fwp%2Fv2%2Ftags&post=4181"}],"curies":[{"name":"wp","href":"https:\/\/api.w.org\/{rel}","templated":true}]}}