{"id":4306,"date":"2022-01-23T18:53:14","date_gmt":"2022-01-23T17:53:14","guid":{"rendered":"https:\/\/www.uewg-michelstadt.de\/?p=4306"},"modified":"2022-01-26T18:13:54","modified_gmt":"2022-01-26T17:13:54","slug":"was-unterscheidet-die-uewg-von-anderen-die-sich-zur-wahl-stellen","status":"publish","type":"post","link":"https:\/\/uewg-michelstadt.de\/?p=4306","title":{"rendered":"Was unterscheidet die \u00dcWG von Anderen, die sich zur Wahl stellen?"},"content":{"rendered":"<p>Diese Frage hatten wir mit unserem Wahlprogramm bei den Kommunalwahlen gestellt.<\/p>\n<p>Nun der Unterschied ist der, dass wir nicht nur dar\u00fcber reden, was wir machen wollen, sondern wir setzen unsere Wahlaussagen St\u00fcck f\u00fcr St\u00fcck um. Und wir sind unabh\u00e4ngig von \u00fcbergeordneten Parteilinien aus Wiesbaden und Berlin; wir schauen vor Ort, was wir f\u00fcr unsere Stadt, unsere Stadtteile und unsere B\u00fcrger konkret verbessern k\u00f6nnen. Auch f\u00fcr das Neue Jahr haben wir uns zum Ziel gesetzt, viele unserer Wahlaussagen umzusetzen.<\/p>\n<p>Hier ein kleiner \u00dcberblick \u00fcber die Projekte, die schon umgesetzt sind oder die wir mit unserem Kooperationspartner angeschoben haben:<br \/>\nWir sichern die hohe Lebensqualit\u00e4t in Michelstadt, indem wir \u2026<\/p>\n<ul>\n<li>f\u00fcr eine lebendige Innenstadt sorgen, die mit individuellen Gesch\u00e4ften, M\u00e4rkten und Veranstaltungen, einer vielf\u00e4ltigen Gastronomie und der historischen Erlebbarkeit der Altstadt begeistert.\n<ul>\n<li><strong><span style=\"color: #0000ff;\">F\u00fcr die Weiterentwicklung der Innenstadt hat unser B\u00fcrgermeister Dr. Tobias Robischon 750.000 Euro Bundesf\u00f6rdermittel eingeworben.<\/span><\/strong><\/li>\n<\/ul>\n<\/li>\n<li>das abwechslungsreiche kulturelle Angebot ausbauen und unsere Aush\u00e4ngeschilder Weihnachtsmarkt, Bienenmarkt, Theatersommer etc. pflegen.\n<ul>\n<li><span style=\"color: #0000ff;\"><strong>Dank des enormen Einsatzes unseres B\u00fcrgermeisters Dr. Tobias Robischon konnte der Weihnachtsmarkt in Michelstadt stattfinden. Wir waren politisch daran beteiligt das Sommerfestival \u201eMarktplatz der Kulturen\u201c zu erm\u00f6glichen. So konnten wir in der Pandemie helfen unseren B\u00fcrgern sch\u00f6ne kulturelle Erlebnisse anzubieten und unseren Gewerbetreibenden und Gastronomen die M\u00f6glichkeit zur Kundengewinnung er\u00f6ffnet.<\/strong><\/span><\/li>\n<\/ul>\n<\/li>\n<li>Kinder- und Familienfreundlichkeit f\u00f6rdern, f\u00fcr eine nachfragedeckende Kleinkindbetreuung sorgen, flexible \u00d6ffnungszeiten der Kinderg\u00e4rten erm\u00f6glichen und auf eine hohe Betreuungsqualit\u00e4t achten. Wir stehen f\u00fcr den Erhalt der Kinderg\u00e4rten in den Stadtteilen.\n<ul>\n<li><span style=\"color: #0000ff;\"><strong>Wir setzen alles daran, um unseren neuen Kindergarten am Stadthaus im Herbst 2022 bezugsfertig zu machen.<\/strong><\/span><\/li>\n<\/ul>\n<\/li>\n<li>die Spielpl\u00e4tze mit einem attraktiven Angebot f\u00fcr alle Altersgruppen und F\u00e4higkeiten ausstatten.\n<ul>\n<li><strong><span style=\"color: #0000ff;\">Unser Antrag f\u00fcr attraktive und inklusive Spielger\u00e4te befindet sich zur Bearbeitung im Bau- und Verkehrsausschuss.<\/span><\/strong><\/li>\n<\/ul>\n<\/li>\n<li>vielf\u00e4ltige Aktivit\u00e4ten f\u00fcr die Jugend schaffen und gezielt Orte in der Stadt f\u00fcr die Jugend attraktiver machen, z.B. mit Realisierung eines Pumptracks und kostenlosem Eintritt f\u00fcr Kinder und Jugend ins Waldschwimmbad. Jedes Kind muss die M\u00f6glichkeit erhalten, sicher schwimmen zu lernen.\n<ul>\n<li><span style=\"color: #0000ff;\"><strong>Die Freizeitanlage Pumptrack ist beschlossen und geht in die Planung. Der neue Kleinkinderbereich in unserem Waldschwimmbad geht jetzt in die Planungsphase.<\/strong><\/span><\/li>\n<\/ul>\n<\/li>\n<li>selbstverst\u00e4ndlich Landschaft und Natur sch\u00fctzen; dies beinhaltet den Landschafts-, Trinkwasser- und Artenschutz.\n<ul>\n<li><strong><span style=\"color: #0000ff;\">Die \u00dcWG unterst\u00fctzt den Beitritt zum Landschaftspflegeverband.<\/span><\/strong><\/li>\n<\/ul>\n<\/li>\n<li>die Sanierung der Odenwaldhalle unter Ber\u00fccksichtigung der Anforderungen der Vereine, Schulen, Veranstalter und der B\u00fcrgerschaft z\u00fcgig angehen.\n<ul>\n<li><span style=\"color: #0000ff;\"><strong>Auf unsere Initiative hin wird eine Arbeitsgruppe des Stadtparlaments (PAG), deren Vorsitz wir innehaben, die Sanierungsziele f\u00fcr die Odenwaldhalle beraten. Damit wird die Grundlage f\u00fcr die n\u00e4chsten Planungsschritte gelegt.<\/strong><\/span><\/li>\n<\/ul>\n<\/li>\n<li>die kommunalen Stra\u00dfen kontinuierlich instand halten und wo n\u00f6tig erneuern, nach klaren Priorit\u00e4ten und zusammen mit den Anliegern geplant. Die Belastung der Anlieger durch enorme Stra\u00dfenbeitr\u00e4ge muss ein Ende haben.\n<ul>\n<li><span style=\"color: #0000ff;\"><strong>Auf die Initiative unseres B\u00fcrgermeisters Dr. Tobias Robischon wurden die Stra\u00dfenbeitr\u00e4ge f\u00fcr unsere B\u00fcrger sehr stark gesenkt. Die ersten beiden Stra\u00dfen gehen demn\u00e4chst in die Planung.<\/strong><\/span><\/li>\n<\/ul>\n<\/li>\n<\/ul>\n<p><a href=\"http:\/\/www.uewg-michelstadt.de\/wp-content\/uploads\/2021\/05\/0344A7A0-B82B-4287-835A-7A476E5BC7D9.jpeg\"><img decoding=\"async\" class=\"aligncenter wp-image-4197 size-large\" src=\"http:\/\/www.uewg-michelstadt.de\/wp-content\/uploads\/2021\/05\/0344A7A0-B82B-4287-835A-7A476E5BC7D9-550x413.jpeg\" alt=\"\" width=\"550\" height=\"413\" srcset=\"https:\/\/uewg-michelstadt.de\/wp-content\/uploads\/2021\/05\/0344A7A0-B82B-4287-835A-7A476E5BC7D9-200x150.jpeg 200w, https:\/\/uewg-michelstadt.de\/wp-content\/uploads\/2021\/05\/0344A7A0-B82B-4287-835A-7A476E5BC7D9-225x169.jpeg 225w, https:\/\/uewg-michelstadt.de\/wp-content\/uploads\/2021\/05\/0344A7A0-B82B-4287-835A-7A476E5BC7D9-400x300.jpeg 400w, https:\/\/uewg-michelstadt.de\/wp-content\/uploads\/2021\/05\/0344A7A0-B82B-4287-835A-7A476E5BC7D9-550x413.jpeg 550w, https:\/\/uewg-michelstadt.de\/wp-content\/uploads\/2021\/05\/0344A7A0-B82B-4287-835A-7A476E5BC7D9-600x450.jpeg 600w, https:\/\/uewg-michelstadt.de\/wp-content\/uploads\/2021\/05\/0344A7A0-B82B-4287-835A-7A476E5BC7D9-800x600.jpeg 800w, https:\/\/uewg-michelstadt.de\/wp-content\/uploads\/2021\/05\/0344A7A0-B82B-4287-835A-7A476E5BC7D9.jpeg 1024w\" sizes=\"(max-width: 550px) 100vw, 550px\" \/><\/a><\/p>\n<p><a href=\"http:\/\/www.uewg-michelstadt.de\/wp-content\/uploads\/2021\/11\/Weihnachtsmarkt.png\"><img decoding=\"async\" class=\"aligncenter wp-image-4269 size-large\" src=\"http:\/\/www.uewg-michelstadt.de\/wp-content\/uploads\/2021\/11\/Weihnachtsmarkt-550x240.png\" alt=\"\" width=\"550\" height=\"240\" srcset=\"https:\/\/uewg-michelstadt.de\/wp-content\/uploads\/2021\/11\/Weihnachtsmarkt-200x87.png 200w, https:\/\/uewg-michelstadt.de\/wp-content\/uploads\/2021\/11\/Weihnachtsmarkt-225x98.png 225w, https:\/\/uewg-michelstadt.de\/wp-content\/uploads\/2021\/11\/Weihnachtsmarkt-400x174.png 400w, https:\/\/uewg-michelstadt.de\/wp-content\/uploads\/2021\/11\/Weihnachtsmarkt-550x240.png 550w, https:\/\/uewg-michelstadt.de\/wp-content\/uploads\/2021\/11\/Weihnachtsmarkt-600x262.png 600w, https:\/\/uewg-michelstadt.de\/wp-content\/uploads\/2021\/11\/Weihnachtsmarkt-800x349.png 800w, https:\/\/uewg-michelstadt.de\/wp-content\/uploads\/2021\/11\/Weihnachtsmarkt-1200x523.png 1200w, https:\/\/uewg-michelstadt.de\/wp-content\/uploads\/2021\/11\/Weihnachtsmarkt-1536x669.png 1536w, https:\/\/uewg-michelstadt.de\/wp-content\/uploads\/2021\/11\/Weihnachtsmarkt.png 1886w\" sizes=\"(max-width: 550px) 100vw, 550px\" \/><\/a><\/p>\n<p><a href=\"http:\/\/www.uewg-michelstadt.de\/wp-content\/uploads\/2021\/01\/img_4170.jpg\"><img decoding=\"async\" class=\"aligncenter wp-image-4001 size-large\" src=\"http:\/\/www.uewg-michelstadt.de\/wp-content\/uploads\/2021\/01\/img_4170-550x413.jpg\" alt=\"\" width=\"550\" height=\"413\" srcset=\"https:\/\/uewg-michelstadt.de\/wp-content\/uploads\/2021\/01\/img_4170-200x150.jpg 200w, https:\/\/uewg-michelstadt.de\/wp-content\/uploads\/2021\/01\/img_4170-225x169.jpg 225w, https:\/\/uewg-michelstadt.de\/wp-content\/uploads\/2021\/01\/img_4170-400x300.jpg 400w, https:\/\/uewg-michelstadt.de\/wp-content\/uploads\/2021\/01\/img_4170-550x413.jpg 550w, https:\/\/uewg-michelstadt.de\/wp-content\/uploads\/2021\/01\/img_4170-600x450.jpg 600w, https:\/\/uewg-michelstadt.de\/wp-content\/uploads\/2021\/01\/img_4170-800x600.jpg 800w, https:\/\/uewg-michelstadt.de\/wp-content\/uploads\/2021\/01\/img_4170-1200x900.jpg 1200w, https:\/\/uewg-michelstadt.de\/wp-content\/uploads\/2021\/01\/img_4170.jpg 1440w\" sizes=\"(max-width: 550px) 100vw, 550px\" \/><\/a><\/p>\n","protected":false},"excerpt":{"rendered":"<p>Diese Frage hatten wir mit unserem Wahlprogramm bei den Kommunalwahlen gestellt. Nun der Unterschied ist der, dass wir nicht nur dar\u00fcber reden, was wir machen wollen, sondern wir setzen unsere Wahlaussagen St\u00fcck f\u00fcr St\u00fcck um. Und wir sind unabh\u00e4ngig von \u00fcbergeordneten Parteilinien aus Wiesbaden und Berlin; wir schauen vor Ort, was wir f\u00fcr unsere Stadt,<\/p>\n","protected":false},"author":1,"featured_media":4001,"comment_status":"closed","ping_status":"closed","sticky":false,"template":"","format":"standard","meta":{"footnotes":""},"categories":[1],"tags":[],"class_list":["post-4306","post","type-post","status-publish","format-standard","has-post-thumbnail","hentry","category-allgemein"],"acf":[],"post_mailing_queue_ids":[],"_links":{"self":[{"href":"https:\/\/uewg-michelstadt.de\/index.php?rest_route=\/wp\/v2\/posts\/4306","targetHints":{"allow":["GET"]}}],"collection":[{"href":"https:\/\/uewg-michelstadt.de\/index.php?rest_route=\/wp\/v2\/posts"}],"about":[{"href":"https:\/\/uewg-michelstadt.de\/index.php?rest_route=\/wp\/v2\/types\/post"}],"author":[{"embeddable":true,"href":"https:\/\/uewg-michelstadt.de\/index.php?rest_route=\/wp\/v2\/users\/1"}],"replies":[{"embeddable":true,"href":"https:\/\/uewg-michelstadt.de\/index.php?rest_route=%2Fwp%2Fv2%2Fcomments&post=4306"}],"version-history":[{"count":10,"href":"https:\/\/uewg-michelstadt.de\/index.php?rest_route=\/wp\/v2\/posts\/4306\/revisions"}],"predecessor-version":[{"id":4318,"href":"https:\/\/uewg-michelstadt.de\/index.php?rest_route=\/wp\/v2\/posts\/4306\/revisions\/4318"}],"wp:featuredmedia":[{"embeddable":true,"href":"https:\/\/uewg-michelstadt.de\/index.php?rest_route=\/wp\/v2\/media\/4001"}],"wp:attachment":[{"href":"https:\/\/uewg-michelstadt.de\/index.php?rest_route=%2Fwp%2Fv2%2Fmedia&parent=4306"}],"wp:term":[{"taxonomy":"category","embeddable":true,"href":"https:\/\/uewg-michelstadt.de\/index.php?rest_route=%2Fwp%2Fv2%2Fcategories&post=4306"},{"taxonomy":"post_tag","embeddable":true,"href":"https:\/\/uewg-michelstadt.de\/index.php?rest_route=%2Fwp%2Fv2%2Ftags&post=4306"}],"curies":[{"name":"wp","href":"https:\/\/api.w.org\/{rel}","templated":true}]}}