{"id":4675,"date":"2022-09-22T10:32:48","date_gmt":"2022-09-22T08:32:48","guid":{"rendered":"https:\/\/www.uewg-michelstadt.de\/?p=4675"},"modified":"2022-10-03T10:40:45","modified_gmt":"2022-10-03T08:40:45","slug":"ehrungsabend-der-feuerwehren-der-stadt-michelstadt","status":"publish","type":"post","link":"https:\/\/uewg-michelstadt.de\/?p=4675","title":{"rendered":"Ehrungsabend der Feuerwehren der Stadt Michelstadt"},"content":{"rendered":"<p>Beim Ehrungsabend konnte B\u00fcrgermeister Dr. Tobias Robischon in Begleitung von Stadtverordnetenvorsteher Andreas Klar viele verdiente Mitglieder der Freiwilligen Feuerwehren Michelstadt auszeichnen. Besonders geehrt wurde Karl Eckert aus Steinbuch f\u00fcr seine 60-j\u00e4hrige Mitgliedschaft im Bezirksfeuerwehrverband.<\/p>\n<p>B\u00fcrgermeister Robischon bedankte sich bei den Feuerwehrleuten f\u00fcr ihr au\u00dferordentliches ehrenamtliches Engagement f\u00fcr die B\u00fcrgerinnen und B\u00fcrger der Stadt Michelstadt und bei Brandinspektor J\u00fcrgen Obier sowie\u00a0 Brandmeister Thomas Reubold und Markus Rinagl f\u00fcr die Ausrichtung des Ehrenabends.<\/p>\n","protected":false},"excerpt":{"rendered":"<p>Beim Ehrungsabend konnte B\u00fcrgermeister Dr. Tobias Robischon in Begleitung von Stadtverordnetenvorsteher Andreas Klar viele verdiente Mitglieder der Freiwilligen Feuerwehren Michelstadt auszeichnen. Besonders geehrt wurde Karl Eckert aus Steinbuch f\u00fcr seine 60-j\u00e4hrige Mitgliedschaft im Bezirksfeuerwehrverband. B\u00fcrgermeister Robischon bedankte sich bei den Feuerwehrleuten f\u00fcr ihr au\u00dferordentliches ehrenamtliches Engagement f\u00fcr die B\u00fcrgerinnen und B\u00fcrger der Stadt Michelstadt und<\/p>\n","protected":false},"author":1,"featured_media":4676,"comment_status":"closed","ping_status":"closed","sticky":false,"template":"","format":"standard","meta":{"footnotes":""},"categories":[1],"tags":[],"class_list":["post-4675","post","type-post","status-publish","format-standard","has-post-thumbnail","hentry","category-allgemein"],"acf":[],"post_mailing_queue_ids":[],"_links":{"self":[{"href":"https:\/\/uewg-michelstadt.de\/index.php?rest_route=\/wp\/v2\/posts\/4675","targetHints":{"allow":["GET"]}}],"collection":[{"href":"https:\/\/uewg-michelstadt.de\/index.php?rest_route=\/wp\/v2\/posts"}],"about":[{"href":"https:\/\/uewg-michelstadt.de\/index.php?rest_route=\/wp\/v2\/types\/post"}],"author":[{"embeddable":true,"href":"https:\/\/uewg-michelstadt.de\/index.php?rest_route=\/wp\/v2\/users\/1"}],"replies":[{"embeddable":true,"href":"https:\/\/uewg-michelstadt.de\/index.php?rest_route=%2Fwp%2Fv2%2Fcomments&post=4675"}],"version-history":[{"count":1,"href":"https:\/\/uewg-michelstadt.de\/index.php?rest_route=\/wp\/v2\/posts\/4675\/revisions"}],"predecessor-version":[{"id":4677,"href":"https:\/\/uewg-michelstadt.de\/index.php?rest_route=\/wp\/v2\/posts\/4675\/revisions\/4677"}],"wp:featuredmedia":[{"embeddable":true,"href":"https:\/\/uewg-michelstadt.de\/index.php?rest_route=\/wp\/v2\/media\/4676"}],"wp:attachment":[{"href":"https:\/\/uewg-michelstadt.de\/index.php?rest_route=%2Fwp%2Fv2%2Fmedia&parent=4675"}],"wp:term":[{"taxonomy":"category","embeddable":true,"href":"https:\/\/uewg-michelstadt.de\/index.php?rest_route=%2Fwp%2Fv2%2Fcategories&post=4675"},{"taxonomy":"post_tag","embeddable":true,"href":"https:\/\/uewg-michelstadt.de\/index.php?rest_route=%2Fwp%2Fv2%2Ftags&post=4675"}],"curies":[{"name":"wp","href":"https:\/\/api.w.org\/{rel}","templated":true}]}}