{"id":4770,"date":"2023-02-03T11:14:55","date_gmt":"2023-02-03T10:14:55","guid":{"rendered":"https:\/\/www.uewg-michelstadt.de\/?p=4770"},"modified":"2023-02-03T11:14:55","modified_gmt":"2023-02-03T10:14:55","slug":"cdu-uewg-und-fdp-geben-startschuss-fuer-die-sanierung-der-odenwaldhalle","status":"publish","type":"post","link":"https:\/\/uewg-michelstadt.de\/?p=4770","title":{"rendered":"CDU, \u00dcWG und FDP geben Startschuss f\u00fcr die Sanierung der Odenwaldhalle"},"content":{"rendered":"<p>Mehrere Jahre, einige Workshops und PAG-Sitzungen sp\u00e4ter ist mit diesem Antrag der Auftakt gegeben. \u201eMit unserem Antrag geben wir den Startschuss f\u00fcr die Sanierung der Odenwaldhalle und damit einen klaren Handlungsauftrag an die Verwaltung, ein Planungsb\u00fcro f\u00fcr die Sanierung zu beauftragen\u201c, so Bernd Keller (\u00dcWG), Lutz Hasenzahl (FDP) und Sandra Allmann (CDU). Damit ist klar, die Odenwaldhalle wird in den n\u00e4chsten Jahren saniert werden.<\/p>\n<p>Mit ihrem gemeinsamen Antrag greifen die Fraktionen der \u00dcWG, CDU und FDP zwei grundlegende Fragen auf, mit denen sich zuvor die Parlamentarische Arbeitsgruppe (PAG) Odenwaldhalle in insgesamt sieben Sitzungen, zum Teil mit Fachreferenten, auseinandergesetzt hatte. Gefragt wurde, welchem Zweck und wem soll die Odenwaldhalle dienen. In 75% der abgegebenen Frageb\u00f6gen sprachen sich die Befragten f\u00fcr die Beibehaltung der jetzigen Nutzungsstruktur aus. Nach einstimmiger Meinung (100%) sollten als Zielpublikum weiterhin die Michelst\u00e4dter und Odenw\u00e4lder B\u00fcrger, Vereine und Schulen angesprochen werden. Aber mehrheitlich (90%) wurden auch \u00fcberregionale Gro\u00dfveranstaltungen wie Theater, Musical, Comedy, Messen usw. gew\u00fcnscht. \u201eGenau hier setzt unser Antrag an, wir wollen die Halle als moderne und energetisch sanierte Vereins- und Veranstaltungshalle nutzbar machen\u201c, so die drei Fraktionsvorsitzenden.<\/p>\n<p>Keine Mehrheit (40 resp. 50%) fand dagegen eine neue Nutzung als Stadtteil- bzw. Medienzentrum im Rahmen eines Soziale-Stadt-Programms. Nach Ansicht der drei antragstellenden Fraktionen w\u00fcrden hier trotz evtl. F\u00f6rdermittel weitere Kosten entstehen. \u201eDie Sanierung wird ohnehin eine erhebliche finanzielle Belastung f\u00fcr die Stadt, so dass wir uns auf die bauliche und energetische Sanierung und schnelle Nutzbarmachung konzentrieren sollten\u201c, so die Fraktionsvorsitzende der CDU Sandra Allmann, \u201eandere Nutzungsformen und bauliche \u00c4nderungen kosten Geld und am Ende muss es f\u00fcr uns alle bezahlbar bleiben.\u201c Ebenso w\u00fcrden durch das von den anderen beiden Fraktionen gew\u00fcnschte Medienzentrum Raumkapazit\u00e4ten (z.B. Foyer, Clubr\u00e4ume) f\u00fcr B\u00fcrger und Vereine verloren gehen bzw. w\u00fcrden erheblich reduziert. Au\u00dferdem beabsichtigt die Stadt Erbach laut Aussage ihres B\u00fcrgermeisters Dr. Traub die Verlegung der Erbacher Bibliothek als Medienzentrum in die Werner-Borchers-Halle. Hier w\u00fcrde also in einem \u00fcberschaubaren Einzugsgebiet doppelt gemoppelt. \u201eDaher konzentrieren wir uns auf das Wesentliche und Gew\u00fcnschte mit Blick auf die Kosten\u201c, so die drei Fraktionsvorsitzenden.<\/p>\n<p>Leider \u2013 und nach den Ergebnissen der PAG Odenwald unverst\u00e4ndlicherweise \u2013 konnten sich die beiden anderen Fraktionen unserem Antrag nicht anschlie\u00dfen. \u201eZiel sollte sein\u201c, so Lutz Hasenzahl f\u00fcr die FDP, \u201edie Odenwaldhalle so schnell und kosteng\u00fcnstig wie m\u00f6glich in einen nutzbaren Zustand zu bringen.\u201c Zusch\u00fcsse erhoffen sich FDP, CDU und \u00dcWG vor allem f\u00fcr die komplette energetische Sanierung der in die Jahre gekommenen Halle.<\/p>\n<p>\u00dcWG, CDU und FDP w\u00fcnschen sich eine schnelle Umsetzung der anstehenden Sanierung, damit diese so bald als m\u00f6glich den Michelst\u00e4dtern und Odenw\u00e4ldern, ihren B\u00fcrgern, Vereinen und Schulen wieder zur Verf\u00fcgung steht. Die Odenwaldhalle geh\u00f6rt zu Michelstadt. Ein gro\u00dfes und herausforderndes Projekt, das wir heute beschlie\u00dfen wollen.<\/p>\n<p>Unklar ist, ob die Odenwaldhalle unter Denkmalschutz gestellt werden wird. Der Fraktionsvorsitzende der \u00dcWG Bernd Keller sieht das gelassen: \u201eDer Denkmalschutz w\u00fcrde sich vermutlich im Wesentlichen auf die Geb\u00e4udefront, das Foyer und den Gro\u00dfen Saal mit Empore und B\u00fchne erstrecken, die ohnehin erhalten werden sollen.\u201c<\/p>\n<p>Sandra Allmann &#8211; Fraktionsvorsitzende CDU<br \/>\nBernd Keller &#8211; Fraktionsvorsitzender \u00dcWG<br \/>\nLutz Hasenzahl &#8211; Fraktionsvorsitzender FDP<\/p>\n","protected":false},"excerpt":{"rendered":"<p>Mehrere Jahre, einige Workshops und PAG-Sitzungen sp\u00e4ter ist mit diesem Antrag der Auftakt gegeben. \u201eMit unserem Antrag geben wir den Startschuss f\u00fcr die Sanierung der Odenwaldhalle und damit einen klaren Handlungsauftrag an die Verwaltung, ein Planungsb\u00fcro f\u00fcr die Sanierung zu beauftragen\u201c, so Bernd Keller (\u00dcWG), Lutz Hasenzahl (FDP) und Sandra Allmann (CDU). Damit ist klar,<\/p>\n","protected":false},"author":1,"featured_media":4772,"comment_status":"closed","ping_status":"closed","sticky":false,"template":"","format":"standard","meta":{"footnotes":""},"categories":[1],"tags":[],"class_list":["post-4770","post","type-post","status-publish","format-standard","has-post-thumbnail","hentry","category-allgemein"],"acf":[],"post_mailing_queue_ids":[],"_links":{"self":[{"href":"https:\/\/uewg-michelstadt.de\/index.php?rest_route=\/wp\/v2\/posts\/4770","targetHints":{"allow":["GET"]}}],"collection":[{"href":"https:\/\/uewg-michelstadt.de\/index.php?rest_route=\/wp\/v2\/posts"}],"about":[{"href":"https:\/\/uewg-michelstadt.de\/index.php?rest_route=\/wp\/v2\/types\/post"}],"author":[{"embeddable":true,"href":"https:\/\/uewg-michelstadt.de\/index.php?rest_route=\/wp\/v2\/users\/1"}],"replies":[{"embeddable":true,"href":"https:\/\/uewg-michelstadt.de\/index.php?rest_route=%2Fwp%2Fv2%2Fcomments&post=4770"}],"version-history":[{"count":1,"href":"https:\/\/uewg-michelstadt.de\/index.php?rest_route=\/wp\/v2\/posts\/4770\/revisions"}],"predecessor-version":[{"id":4771,"href":"https:\/\/uewg-michelstadt.de\/index.php?rest_route=\/wp\/v2\/posts\/4770\/revisions\/4771"}],"wp:featuredmedia":[{"embeddable":true,"href":"https:\/\/uewg-michelstadt.de\/index.php?rest_route=\/wp\/v2\/media\/4772"}],"wp:attachment":[{"href":"https:\/\/uewg-michelstadt.de\/index.php?rest_route=%2Fwp%2Fv2%2Fmedia&parent=4770"}],"wp:term":[{"taxonomy":"category","embeddable":true,"href":"https:\/\/uewg-michelstadt.de\/index.php?rest_route=%2Fwp%2Fv2%2Fcategories&post=4770"},{"taxonomy":"post_tag","embeddable":true,"href":"https:\/\/uewg-michelstadt.de\/index.php?rest_route=%2Fwp%2Fv2%2Ftags&post=4770"}],"curies":[{"name":"wp","href":"https:\/\/api.w.org\/{rel}","templated":true}]}}