{"id":4855,"date":"2025-11-10T16:45:49","date_gmt":"2025-11-10T15:45:49","guid":{"rendered":"https:\/\/www.uewg-michelstadt.de\/?p=4855"},"modified":"2025-11-11T09:17:19","modified_gmt":"2025-11-11T08:17:19","slug":"4855","status":"publish","type":"post","link":"https:\/\/uewg-michelstadt.de\/?p=4855","title":{"rendered":"M\u00f6chten Sie Michelstadt und seine Stadtteile mitgestalten und Ihre Ideen f\u00fcr Michelstadt einbringen?"},"content":{"rendered":"<p>Liebe Michelst\u00e4dterinnen und\u00a0Michelst\u00e4dter,<\/p>\n<ul>\n<li>m\u00f6chten Sie Michelstadt und seine Stadtteile mitgestalten?<\/li>\n<li>M\u00f6chten Sie Ihre Ideen f\u00fcr Michelstadt einbringen?<\/li>\n<li>Haben Sie Lust auf Kommunalpolitik, aber wollen keiner Partei angeh\u00f6ren, sondern ganz unabh\u00e4ngig von den Parteien in Berlin und Wiesbaden Ihre Vorstellungen f\u00fcr Michelstadt vertreten?<\/li>\n<\/ul>\n<p>Dann sind Sie bei uns richtig:<\/p>\n<ul>\n<li>Wir sind die \u00dcWG Michelstadt, die \u00dcberparteiliche W\u00e4hlergemeinschaft Michelstadt.<\/li>\n<\/ul>\n<p>Wenn Sie uns und unsere Ziele f\u00fcr Michelstadt unverbindlich kennenlernen wollen, melden Sie sich<br \/>\nbei uns<\/p>\n<p>Bernd Keller (Fraktionsvorsitzender) \/\u00a0Hans Laudenberger (2. Vorsitzender): <a href=\"mailto:kontakt@uewg-michelstadt.de\">kontakt@uewg-michelstadt.de<\/a><\/p>\n<p>Oder sprechen Sie einfach einen unserer \u00dcWG-Kolleginnen und -Kollegen aus Ihrer Nachbarschaft an: <a href=\"https:\/\/www.uewg-michelstadt.de\/?page_id=178\">https:\/\/www.uewg-michelstadt.de\/?page_id=178<\/a><\/p>\n<p>Wir freuen uns auf Sie!<br \/>\nIhre \u00dcWG Michelstadt<\/p>\n","protected":false},"excerpt":{"rendered":"<p>Liebe Michelst\u00e4dterinnen und\u00a0Michelst\u00e4dter, m\u00f6chten Sie Michelstadt und seine Stadtteile mitgestalten? M\u00f6chten Sie Ihre Ideen f\u00fcr Michelstadt einbringen? Haben Sie Lust auf Kommunalpolitik, aber wollen keiner Partei angeh\u00f6ren, sondern ganz unabh\u00e4ngig von den Parteien in Berlin und Wiesbaden Ihre Vorstellungen f\u00fcr Michelstadt vertreten? Dann sind Sie bei uns richtig: Wir sind die \u00dcWG Michelstadt, die \u00dcberparteiliche<\/p>\n","protected":false},"author":1,"featured_media":3824,"comment_status":"closed","ping_status":"closed","sticky":false,"template":"","format":"standard","meta":{"footnotes":""},"categories":[1],"tags":[],"class_list":["post-4855","post","type-post","status-publish","format-standard","has-post-thumbnail","hentry","category-allgemein"],"acf":[],"post_mailing_queue_ids":[],"_links":{"self":[{"href":"https:\/\/uewg-michelstadt.de\/index.php?rest_route=\/wp\/v2\/posts\/4855","targetHints":{"allow":["GET"]}}],"collection":[{"href":"https:\/\/uewg-michelstadt.de\/index.php?rest_route=\/wp\/v2\/posts"}],"about":[{"href":"https:\/\/uewg-michelstadt.de\/index.php?rest_route=\/wp\/v2\/types\/post"}],"author":[{"embeddable":true,"href":"https:\/\/uewg-michelstadt.de\/index.php?rest_route=\/wp\/v2\/users\/1"}],"replies":[{"embeddable":true,"href":"https:\/\/uewg-michelstadt.de\/index.php?rest_route=%2Fwp%2Fv2%2Fcomments&post=4855"}],"version-history":[{"count":2,"href":"https:\/\/uewg-michelstadt.de\/index.php?rest_route=\/wp\/v2\/posts\/4855\/revisions"}],"predecessor-version":[{"id":4857,"href":"https:\/\/uewg-michelstadt.de\/index.php?rest_route=\/wp\/v2\/posts\/4855\/revisions\/4857"}],"wp:featuredmedia":[{"embeddable":true,"href":"https:\/\/uewg-michelstadt.de\/index.php?rest_route=\/wp\/v2\/media\/3824"}],"wp:attachment":[{"href":"https:\/\/uewg-michelstadt.de\/index.php?rest_route=%2Fwp%2Fv2%2Fmedia&parent=4855"}],"wp:term":[{"taxonomy":"category","embeddable":true,"href":"https:\/\/uewg-michelstadt.de\/index.php?rest_route=%2Fwp%2Fv2%2Fcategories&post=4855"},{"taxonomy":"post_tag","embeddable":true,"href":"https:\/\/uewg-michelstadt.de\/index.php?rest_route=%2Fwp%2Fv2%2Ftags&post=4855"}],"curies":[{"name":"wp","href":"https:\/\/api.w.org\/{rel}","templated":true}]}}